{"id":7207,"date":"2010-09-29T09:18:48","date_gmt":"2010-09-29T09:18:48","guid":{"rendered":"https:\/\/bdvm.de\/?post_type=news&#038;p=7207"},"modified":"2019-01-25T09:21:57","modified_gmt":"2019-01-25T09:21:57","slug":"vdvm-pressegespraech-2010","status":"publish","type":"news","link":"https:\/\/bdvm.de\/en\/news\/vdvm-pressegespraech-2010\/","title":{"rendered":"VDVM Pressegespr\u00e4ch 2010"},"content":{"rendered":"<p>Im j\u00e4hrlichen VDVM Pressegespr\u00e4ch werfen Mitglieder des VDVM-Vorstandes und aus VDVM-Arbeitskreisen einen Blick auf aktuelle Entwicklungen in der Versicherungswelt aus Maklersicht. Die Beitr\u00e4ge stellen wir Ihnen als PDF zum Download zur Verf\u00fcgung:<\/p>\n<p><strong>Downloads<\/strong><\/p>\n<p><span class=\"pdf\"><a href=\"https:\/\/bdvm.de\/wp-content\/uploads\/2019\/01\/2010_dr.funk_schlaglichterbranche.pdf\" target=\"_blank\" rel=\"noopener\"><strong>Dr. Leberecht Funk<\/strong>\u00a0&#8211; Aktuelle Tendenzen unserer Branche in Schlaglichtern<\/a>\u00a0<\/span><\/p>\n<p><span class=\"pdf\"><a href=\"https:\/\/bdvm.de\/wp-content\/uploads\/2019\/01\/vdvm_pi_verbraucherschutz_durch_honorar.pdf\" target=\"_blank\" rel=\"noopener\"><strong>Peter Wesselhoeft<\/strong>\u00a0&#8211; Wettbewerbs- und Zulassungsrecht sind f\u00fcr Alle da<\/a><\/span><\/p>\n<p><span class=\"pdf\"><a href=\"https:\/\/bdvm.de\/wp-content\/uploads\/2019\/01\/2010_holgermardfeldt_qualitaetssicherung.pdf\" target=\"_blank\" rel=\"noopener\"><strong>Holger Mardfeld<\/strong>\u00a0&#8211; Qualit\u00e4tssicherung am point of advice\/sale-Hausaufgaben f\u00fcr die Revision der IMD<\/a><\/span><\/p>\n<p><span class=\"pdf\"><a href=\"https:\/\/bdvm.de\/wp-content\/uploads\/2019\/01\/2010_achimschlichting_lv_quovadis.pdf\" target=\"_blank\" rel=\"noopener\"><strong>Achim Schlichting<\/strong>\u00a0&#8211; Lebensversicherung quo vadis?<\/a><\/span><\/p>\n<p><span class=\"pdf\"><a href=\"https:\/\/bdvm.de\/wp-content\/uploads\/2019\/01\/vdvm_pi_drbraeuchle_industriegewerbe.pdf\" target=\"_blank\" rel=\"noopener\"><strong>Dr. Georg Br\u00e4uchle<\/strong>\u00a0&#8211; Entwicklung des Industrie- und Gewerbeversicherungsmarktes<\/a><\/span><\/p>\n<p><span class=\"pdf\"><a href=\"https:\/\/bdvm.de\/wp-content\/uploads\/2019\/01\/vdvm_pi_drerichsen_transport_sach_tv.pdf\" target=\"_blank\" rel=\"noopener\"><strong>Dr. Sven Erichsen<\/strong>\u00a0&#8211; Marktsituation in den Sach-, TV- und Transportsparten sowie Kredit<\/a><\/span><\/p>","protected":false},"excerpt":{"rendered":"<p>Im j\u00e4hrlichen VDVM Pressegespr\u00e4ch werfen Mitglieder des VDVM-Vorstandes und aus VDVM-Arbeitskreisen einen Blick auf aktuelle Entwicklungen in der Versicherungswelt aus Maklersicht. Die Beitr\u00e4ge stellen wir Ihnen als PDF zum Download zur Verf\u00fcgung: Downloads Dr. Leberecht Funk\u00a0&#8211; Aktuelle Tendenzen unserer Branche in Schlaglichtern\u00a0 Peter Wesselhoeft\u00a0&#8211; Wettbewerbs- und Zulassungsrecht sind f\u00fcr Alle da Holger Mardfeld\u00a0&#8211; Qualit\u00e4tssicherung am&#8230;<\/p>","protected":false},"author":6,"featured_media":0,"comment_status":"closed","ping_status":"closed","template":"","tags":[],"news-category":[],"class_list":["post-7207","news","type-news","status-publish","hentry"],"yoast_head":"<!-- This site is optimized with the Yoast SEO plugin v27.4 - https:\/\/yoast.com\/product\/yoast-seo-wordpress\/ -->\n<title>VDVM Pressegespr\u00e4ch 2010 | BDVM e.V.<\/title>\n<meta name=\"robots\" content=\"index, follow, max-snippet:-1, max-image-preview:large, max-video-preview:-1\" \/>\n<link rel=\"canonical\" href=\"https:\/\/bdvm.de\/en\/news\/vdvm-pressegespraech-2010\/\" \/>\n<meta property=\"og:locale\" content=\"en_US\" \/>\n<meta property=\"og:type\" content=\"article\" \/>\n<meta property=\"og:title\" content=\"VDVM Pressegespr\u00e4ch 2010 | BDVM e.V.\" \/>\n<meta property=\"og:description\" content=\"Im j\u00e4hrlichen VDVM Pressegespr\u00e4ch werfen Mitglieder des VDVM-Vorstandes und aus VDVM-Arbeitskreisen einen Blick auf aktuelle Entwicklungen in der Versicherungswelt aus Maklersicht. Die Beitr\u00e4ge stellen wir Ihnen als PDF zum Download zur Verf\u00fcgung: Downloads Dr. Leberecht Funk\u00a0&#8211; Aktuelle Tendenzen unserer Branche in Schlaglichtern\u00a0 Peter Wesselhoeft\u00a0&#8211; Wettbewerbs- und Zulassungsrecht sind f\u00fcr Alle da Holger Mardfeld\u00a0&#8211; Qualit\u00e4tssicherung am...\" \/>\n<meta property=\"og:url\" content=\"https:\/\/bdvm.de\/en\/news\/vdvm-pressegespraech-2010\/\" \/>\n<meta property=\"og:site_name\" content=\"BDVM e.V.\" \/>\n<meta property=\"article:modified_time\" content=\"2019-01-25T09:21:57+00:00\" \/>\n<meta property=\"og:image\" content=\"https:\/\/bdvm.de\/wp-content\/uploads\/2019\/04\/bdvm_logo_kreis.jpg\" \/>\n\t<meta property=\"og:image:width\" content=\"821\" \/>\n\t<meta property=\"og:image:height\" content=\"821\" \/>\n\t<meta property=\"og:image:type\" content=\"image\/jpeg\" \/>\n<meta name=\"twitter:card\" content=\"summary_large_image\" \/>\n<meta name=\"twitter:label1\" content=\"Est. reading time\" \/>\n\t<meta name=\"twitter:data1\" content=\"1 minute\" \/>\n<script type=\"application\/ld+json\" class=\"yoast-schema-graph\">{\"@context\":\"https:\\\/\\\/schema.org\",\"@graph\":[{\"@type\":\"WebPage\",\"@id\":\"https:\\\/\\\/bdvm.de\\\/news\\\/vdvm-pressegespraech-2010\\\/\",\"url\":\"https:\\\/\\\/bdvm.de\\\/news\\\/vdvm-pressegespraech-2010\\\/\",\"name\":\"VDVM Pressegespr\u00e4ch 2010 | BDVM e.V.\",\"isPartOf\":{\"@id\":\"https:\\\/\\\/bdvm.de\\\/#website\"},\"datePublished\":\"2010-09-29T09:18:48+00:00\",\"dateModified\":\"2019-01-25T09:21:57+00:00\",\"breadcrumb\":{\"@id\":\"https:\\\/\\\/bdvm.de\\\/news\\\/vdvm-pressegespraech-2010\\\/#breadcrumb\"},\"inLanguage\":\"en-US\",\"potentialAction\":[{\"@type\":\"ReadAction\",\"target\":[\"https:\\\/\\\/bdvm.de\\\/news\\\/vdvm-pressegespraech-2010\\\/\"]}]},{\"@type\":\"BreadcrumbList\",\"@id\":\"https:\\\/\\\/bdvm.de\\\/news\\\/vdvm-pressegespraech-2010\\\/#breadcrumb\",\"itemListElement\":[{\"@type\":\"ListItem\",\"position\":1,\"name\":\"Startseite\",\"item\":\"https:\\\/\\\/bdvm.de\\\/\"},{\"@type\":\"ListItem\",\"position\":2,\"name\":\"News\",\"item\":\"https:\\\/\\\/bdvm.de\\\/news\\\/\"},{\"@type\":\"ListItem\",\"position\":3,\"name\":\"VDVM Pressegespr\u00e4ch 2010\"}]},{\"@type\":\"WebSite\",\"@id\":\"https:\\\/\\\/bdvm.de\\\/#website\",\"url\":\"https:\\\/\\\/bdvm.de\\\/\",\"name\":\"BDVM e.V.\",\"description\":\"Bundesverband Deutscher Versicherungsmakler e.V.\",\"publisher\":{\"@id\":\"https:\\\/\\\/bdvm.de\\\/#organization\"},\"potentialAction\":[{\"@type\":\"SearchAction\",\"target\":{\"@type\":\"EntryPoint\",\"urlTemplate\":\"https:\\\/\\\/bdvm.de\\\/?s={search_term_string}\"},\"query-input\":{\"@type\":\"PropertyValueSpecification\",\"valueRequired\":true,\"valueName\":\"search_term_string\"}}],\"inLanguage\":\"en-US\"},{\"@type\":\"Organization\",\"@id\":\"https:\\\/\\\/bdvm.de\\\/#organization\",\"name\":\"Bundesverband Deutscher Versicherungsmakler e.V.\",\"url\":\"https:\\\/\\\/bdvm.de\\\/\",\"logo\":{\"@type\":\"ImageObject\",\"inLanguage\":\"en-US\",\"@id\":\"https:\\\/\\\/bdvm.de\\\/#\\\/schema\\\/logo\\\/image\\\/\",\"url\":\"https:\\\/\\\/bdvm.de\\\/wp-content\\\/uploads\\\/2019\\\/04\\\/bdvm_logo_kreis.jpg\",\"contentUrl\":\"https:\\\/\\\/bdvm.de\\\/wp-content\\\/uploads\\\/2019\\\/04\\\/bdvm_logo_kreis.jpg\",\"width\":821,\"height\":821,\"caption\":\"Bundesverband Deutscher Versicherungsmakler e.V.\"},\"image\":{\"@id\":\"https:\\\/\\\/bdvm.de\\\/#\\\/schema\\\/logo\\\/image\\\/\"}}]}<\/script>\n<!-- \/ Yoast SEO plugin. -->","yoast_head_json":{"title":"VDVM Pressegespr\u00e4ch 2010 | BDVM e.V.","robots":{"index":"index","follow":"follow","max-snippet":"max-snippet:-1","max-image-preview":"max-image-preview:large","max-video-preview":"max-video-preview:-1"},"canonical":"https:\/\/bdvm.de\/en\/news\/vdvm-pressegespraech-2010\/","og_locale":"en_US","og_type":"article","og_title":"VDVM Pressegespr\u00e4ch 2010 | BDVM e.V.","og_description":"Im j\u00e4hrlichen VDVM Pressegespr\u00e4ch werfen Mitglieder des VDVM-Vorstandes und aus VDVM-Arbeitskreisen einen Blick auf aktuelle Entwicklungen in der Versicherungswelt aus Maklersicht. Die Beitr\u00e4ge stellen wir Ihnen als PDF zum Download zur Verf\u00fcgung: Downloads Dr. Leberecht Funk\u00a0&#8211; Aktuelle Tendenzen unserer Branche in Schlaglichtern\u00a0 Peter Wesselhoeft\u00a0&#8211; Wettbewerbs- und Zulassungsrecht sind f\u00fcr Alle da Holger Mardfeld\u00a0&#8211; Qualit\u00e4tssicherung am...","og_url":"https:\/\/bdvm.de\/en\/news\/vdvm-pressegespraech-2010\/","og_site_name":"BDVM e.V.","article_modified_time":"2019-01-25T09:21:57+00:00","og_image":[{"width":821,"height":821,"url":"https:\/\/bdvm.de\/wp-content\/uploads\/2019\/04\/bdvm_logo_kreis.jpg","type":"image\/jpeg"}],"twitter_card":"summary_large_image","twitter_misc":{"Est. reading time":"1 minute"},"schema":{"@context":"https:\/\/schema.org","@graph":[{"@type":"WebPage","@id":"https:\/\/bdvm.de\/news\/vdvm-pressegespraech-2010\/","url":"https:\/\/bdvm.de\/news\/vdvm-pressegespraech-2010\/","name":"VDVM Pressegespr\u00e4ch 2010 | BDVM e.V.","isPartOf":{"@id":"https:\/\/bdvm.de\/#website"},"datePublished":"2010-09-29T09:18:48+00:00","dateModified":"2019-01-25T09:21:57+00:00","breadcrumb":{"@id":"https:\/\/bdvm.de\/news\/vdvm-pressegespraech-2010\/#breadcrumb"},"inLanguage":"en-US","potentialAction":[{"@type":"ReadAction","target":["https:\/\/bdvm.de\/news\/vdvm-pressegespraech-2010\/"]}]},{"@type":"BreadcrumbList","@id":"https:\/\/bdvm.de\/news\/vdvm-pressegespraech-2010\/#breadcrumb","itemListElement":[{"@type":"ListItem","position":1,"name":"Startseite","item":"https:\/\/bdvm.de\/"},{"@type":"ListItem","position":2,"name":"News","item":"https:\/\/bdvm.de\/news\/"},{"@type":"ListItem","position":3,"name":"VDVM Pressegespr\u00e4ch 2010"}]},{"@type":"WebSite","@id":"https:\/\/bdvm.de\/#website","url":"https:\/\/bdvm.de\/","name":"BDVM e.V.","description":"Bundesverband Deutscher Versicherungsmakler e.V.","publisher":{"@id":"https:\/\/bdvm.de\/#organization"},"potentialAction":[{"@type":"SearchAction","target":{"@type":"EntryPoint","urlTemplate":"https:\/\/bdvm.de\/?s={search_term_string}"},"query-input":{"@type":"PropertyValueSpecification","valueRequired":true,"valueName":"search_term_string"}}],"inLanguage":"en-US"},{"@type":"Organization","@id":"https:\/\/bdvm.de\/#organization","name":"Bundesverband Deutscher Versicherungsmakler e.V.","url":"https:\/\/bdvm.de\/","logo":{"@type":"ImageObject","inLanguage":"en-US","@id":"https:\/\/bdvm.de\/#\/schema\/logo\/image\/","url":"https:\/\/bdvm.de\/wp-content\/uploads\/2019\/04\/bdvm_logo_kreis.jpg","contentUrl":"https:\/\/bdvm.de\/wp-content\/uploads\/2019\/04\/bdvm_logo_kreis.jpg","width":821,"height":821,"caption":"Bundesverband Deutscher Versicherungsmakler e.V."},"image":{"@id":"https:\/\/bdvm.de\/#\/schema\/logo\/image\/"}}]}},"_links":{"self":[{"href":"https:\/\/bdvm.de\/en\/wp-json\/wp\/v2\/news\/7207","targetHints":{"allow":["GET"]}}],"collection":[{"href":"https:\/\/bdvm.de\/en\/wp-json\/wp\/v2\/news"}],"about":[{"href":"https:\/\/bdvm.de\/en\/wp-json\/wp\/v2\/types\/news"}],"author":[{"embeddable":true,"href":"https:\/\/bdvm.de\/en\/wp-json\/wp\/v2\/users\/6"}],"replies":[{"embeddable":true,"href":"https:\/\/bdvm.de\/en\/wp-json\/wp\/v2\/comments?post=7207"}],"version-history":[{"count":0,"href":"https:\/\/bdvm.de\/en\/wp-json\/wp\/v2\/news\/7207\/revisions"}],"wp:attachment":[{"href":"https:\/\/bdvm.de\/en\/wp-json\/wp\/v2\/media?parent=7207"}],"wp:term":[{"taxonomy":"post_tag","embeddable":true,"href":"https:\/\/bdvm.de\/en\/wp-json\/wp\/v2\/tags?post=7207"},{"taxonomy":"news-category","embeddable":true,"href":"https:\/\/bdvm.de\/en\/wp-json\/wp\/v2\/news-category?post=7207"}],"curies":[{"name":"wp","href":"https:\/\/api.w.org\/{rel}","templated":true}]}}