{"id":7041,"date":"2013-02-26T14:40:44","date_gmt":"2013-02-26T14:40:44","guid":{"rendered":"https:\/\/bdvm.de\/?p=7041"},"modified":"2019-01-24T14:41:53","modified_gmt":"2019-01-24T14:41:53","slug":"eu-datenschutz-grundverordnung-laesst-arbeits-ablaeufe-bei-versicherungsmaklern-unberuecksichtigt","status":"publish","type":"post","link":"https:\/\/bdvm.de\/en\/eu-datenschutz-grundverordnung-laesst-arbeits-ablaeufe-bei-versicherungsmaklern-unberuecksichtigt\/","title":{"rendered":"EU DATENSCHUTZ GRUNDVERORDNUNG L\u00c4SST ARBEITS- ABL\u00c4UFE BEI VERSICHERUNGSMAKLERN UNBER\u00dcCKSICHTIGT"},"content":{"rendered":"<p>Die EU plant, ein europaweit einheitlich geltendes Datenschutzrecht einzuf\u00fchren. Daf\u00fcr hatten Anfang 2012 das Europ\u00e4ische Parlament und der Europarat einen gemeinsamen Gesetzesvorschlag als sogenannte Datenschutz-Grundverordnung vorgelegt. Der Ausschuss f\u00fcr b\u00fcrgerliche Freiheiten, Justiz und Inneres (LIBE) hat Anfang Januar 2013 einen Bericht mit \u00c4nderungsantr\u00e4gen herausgegeben.<\/p>\n<p>Neben unserer Dachorganisation BIPAR, mit der wir eng zusammenarbeiten und die auf europ\u00e4ischer Ebene zu einzelnen Regelungen Stellung bezieht, hat der VDVM auf nationaler Ebene zu den beiden Gesetzesvorschl\u00e4gen zus\u00e4tzlich Stellung genommen, weil die Arbeitsabl\u00e4ufe bei Versicherungsmaklern nicht ber\u00fccksichtigt wurden. Ohne die vom VDVM geforderten \u00c4nderungen entst\u00fcnde eine nicht unerhebliche Rechtsunsicherheit und ein hoher Verwaltungsaufwand.<\/p>\n<p>Das Gesetzgebungsverfahren wird noch einige Zeit in Anspruch nehmen und noch ist nicht absehbar, wann genau es in Kraft treten wird. Ab Mai 2013 sollen sich nach dem jetzigen Zeitplan alle beteiligte Aussch\u00fcsse (u.a. noch Rechts- und Besch\u00e4ftigungsausschuss) ausgesprochen haben, so dass dann die Verhandlungen des Parlaments, des Rats und der Kommission beginnen.<\/p>\n<p><strong>Downloads<\/strong><\/p>\n<p><span class=\"pdf\"><a href=\"https:\/\/bdvm.de\/wp-content\/uploads\/2019\/01\/vdvm_stellungnahme_datenschutzgrundvo.pdf\" rel=\"alternate\">Stellungnahme des VDVM<\/a><\/span><\/p>\n<p><span class=\"pdf\"><a href=\"https:\/\/bdvm.de\/wp-content\/uploads\/2019\/01\/eu_datenschutzgrundverordnung.pdf\" rel=\"alternate\">EU Datenschutz Grundverordnung<\/a><\/span><\/p>\n<p><span class=\"pdf\"><a href=\"https:\/\/bdvm.de\/wp-content\/uploads\/2019\/01\/bericht_libe.pdf\" rel=\"alternate\">Bericht\/\u00c4nderungsantr\u00e4ge LIBE<\/a><\/span><\/p>","protected":false},"excerpt":{"rendered":"<p>Die EU plant, ein europaweit einheitlich geltendes Datenschutzrecht einzuf\u00fchren. Daf\u00fcr hatten Anfang 2012 das Europ\u00e4ische Parlament und der Europarat einen gemeinsamen Gesetzesvorschlag als sogenannte Datenschutz-Grundverordnung vorgelegt. Der Ausschuss f\u00fcr b\u00fcrgerliche Freiheiten, Justiz und Inneres (LIBE) hat Anfang Januar 2013 einen Bericht mit \u00c4nderungsantr\u00e4gen herausgegeben. Neben unserer Dachorganisation BIPAR, mit der wir eng zusammenarbeiten und die&#8230;<\/p>","protected":false},"author":6,"featured_media":0,"comment_status":"closed","ping_status":"closed","sticky":false,"template":"","format":"standard","meta":{"footnotes":""},"categories":[1],"tags":[],"class_list":["post-7041","post","type-post","status-publish","format-standard","hentry","category-unsere-standpunkte"],"yoast_head":"<!-- This site is optimized with the Yoast SEO plugin v27.4 - https:\/\/yoast.com\/product\/yoast-seo-wordpress\/ -->\n<title>EU DATENSCHUTZ GRUNDVERORDNUNG L\u00c4SST ARBEITS- ABL\u00c4UFE BEI VERSICHERUNGSMAKLERN UNBER\u00dcCKSICHTIGT | BDVM e.V.<\/title>\n<meta name=\"robots\" content=\"index, follow, max-snippet:-1, max-image-preview:large, max-video-preview:-1\" \/>\n<link rel=\"canonical\" href=\"https:\/\/bdvm.de\/en\/eu-datenschutz-grundverordnung-laesst-arbeits-ablaeufe-bei-versicherungsmaklern-unberuecksichtigt\/\" \/>\n<meta property=\"og:locale\" content=\"en_US\" \/>\n<meta property=\"og:type\" content=\"article\" \/>\n<meta property=\"og:title\" content=\"EU DATENSCHUTZ GRUNDVERORDNUNG L\u00c4SST ARBEITS- ABL\u00c4UFE BEI VERSICHERUNGSMAKLERN UNBER\u00dcCKSICHTIGT | BDVM e.V.\" \/>\n<meta property=\"og:description\" content=\"Die EU plant, ein europaweit einheitlich geltendes Datenschutzrecht einzuf\u00fchren. Daf\u00fcr hatten Anfang 2012 das Europ\u00e4ische Parlament und der Europarat einen gemeinsamen Gesetzesvorschlag als sogenannte Datenschutz-Grundverordnung vorgelegt. Der Ausschuss f\u00fcr b\u00fcrgerliche Freiheiten, Justiz und Inneres (LIBE) hat Anfang Januar 2013 einen Bericht mit \u00c4nderungsantr\u00e4gen herausgegeben. Neben unserer Dachorganisation BIPAR, mit der wir eng zusammenarbeiten und die...\" \/>\n<meta property=\"og:url\" content=\"https:\/\/bdvm.de\/en\/eu-datenschutz-grundverordnung-laesst-arbeits-ablaeufe-bei-versicherungsmaklern-unberuecksichtigt\/\" \/>\n<meta property=\"og:site_name\" content=\"BDVM e.V.\" \/>\n<meta property=\"article:published_time\" content=\"2013-02-26T14:40:44+00:00\" \/>\n<meta property=\"article:modified_time\" content=\"2019-01-24T14:41:53+00:00\" \/>\n<meta property=\"og:image\" content=\"https:\/\/bdvm.de\/wp-content\/uploads\/2019\/04\/bdvm_logo_kreis.jpg\" \/>\n\t<meta property=\"og:image:width\" content=\"821\" \/>\n\t<meta property=\"og:image:height\" content=\"821\" \/>\n\t<meta property=\"og:image:type\" content=\"image\/jpeg\" \/>\n<meta name=\"author\" content=\"BDVM-Webadmin\" \/>\n<meta name=\"twitter:card\" content=\"summary_large_image\" \/>\n<meta name=\"twitter:label1\" content=\"Written by\" \/>\n\t<meta name=\"twitter:data1\" content=\"\" \/>\n\t<meta name=\"twitter:label2\" content=\"Est. reading time\" \/>\n\t<meta name=\"twitter:data2\" content=\"1 minute\" \/>\n<script type=\"application\/ld+json\" class=\"yoast-schema-graph\">{\"@context\":\"https:\\\/\\\/schema.org\",\"@graph\":[{\"@type\":\"Article\",\"@id\":\"https:\\\/\\\/bdvm.de\\\/eu-datenschutz-grundverordnung-laesst-arbeits-ablaeufe-bei-versicherungsmaklern-unberuecksichtigt\\\/#article\",\"isPartOf\":{\"@id\":\"https:\\\/\\\/bdvm.de\\\/eu-datenschutz-grundverordnung-laesst-arbeits-ablaeufe-bei-versicherungsmaklern-unberuecksichtigt\\\/\"},\"author\":{\"name\":\"BDVM-Webadmin\",\"@id\":\"https:\\\/\\\/bdvm.de\\\/#\\\/schema\\\/person\\\/51e10fd1ef935823c48227f7738fbeb4\"},\"headline\":\"EU DATENSCHUTZ GRUNDVERORDNUNG L\u00c4SST ARBEITS- ABL\u00c4UFE BEI VERSICHERUNGSMAKLERN UNBER\u00dcCKSICHTIGT\",\"datePublished\":\"2013-02-26T14:40:44+00:00\",\"dateModified\":\"2019-01-24T14:41:53+00:00\",\"mainEntityOfPage\":{\"@id\":\"https:\\\/\\\/bdvm.de\\\/eu-datenschutz-grundverordnung-laesst-arbeits-ablaeufe-bei-versicherungsmaklern-unberuecksichtigt\\\/\"},\"wordCount\":187,\"publisher\":{\"@id\":\"https:\\\/\\\/bdvm.de\\\/#organization\"},\"articleSection\":[\"Unsere Standpunkte\"],\"inLanguage\":\"en-US\"},{\"@type\":\"WebPage\",\"@id\":\"https:\\\/\\\/bdvm.de\\\/eu-datenschutz-grundverordnung-laesst-arbeits-ablaeufe-bei-versicherungsmaklern-unberuecksichtigt\\\/\",\"url\":\"https:\\\/\\\/bdvm.de\\\/eu-datenschutz-grundverordnung-laesst-arbeits-ablaeufe-bei-versicherungsmaklern-unberuecksichtigt\\\/\",\"name\":\"EU DATENSCHUTZ GRUNDVERORDNUNG L\u00c4SST ARBEITS- ABL\u00c4UFE BEI VERSICHERUNGSMAKLERN UNBER\u00dcCKSICHTIGT | BDVM e.V.\",\"isPartOf\":{\"@id\":\"https:\\\/\\\/bdvm.de\\\/#website\"},\"datePublished\":\"2013-02-26T14:40:44+00:00\",\"dateModified\":\"2019-01-24T14:41:53+00:00\",\"breadcrumb\":{\"@id\":\"https:\\\/\\\/bdvm.de\\\/eu-datenschutz-grundverordnung-laesst-arbeits-ablaeufe-bei-versicherungsmaklern-unberuecksichtigt\\\/#breadcrumb\"},\"inLanguage\":\"en-US\",\"potentialAction\":[{\"@type\":\"ReadAction\",\"target\":[\"https:\\\/\\\/bdvm.de\\\/eu-datenschutz-grundverordnung-laesst-arbeits-ablaeufe-bei-versicherungsmaklern-unberuecksichtigt\\\/\"]}]},{\"@type\":\"BreadcrumbList\",\"@id\":\"https:\\\/\\\/bdvm.de\\\/eu-datenschutz-grundverordnung-laesst-arbeits-ablaeufe-bei-versicherungsmaklern-unberuecksichtigt\\\/#breadcrumb\",\"itemListElement\":[{\"@type\":\"ListItem\",\"position\":1,\"name\":\"Startseite\",\"item\":\"https:\\\/\\\/bdvm.de\\\/\"},{\"@type\":\"ListItem\",\"position\":2,\"name\":\"EU DATENSCHUTZ GRUNDVERORDNUNG L\u00c4SST ARBEITS- ABL\u00c4UFE BEI VERSICHERUNGSMAKLERN UNBER\u00dcCKSICHTIGT\"}]},{\"@type\":\"WebSite\",\"@id\":\"https:\\\/\\\/bdvm.de\\\/#website\",\"url\":\"https:\\\/\\\/bdvm.de\\\/\",\"name\":\"BDVM e.V.\",\"description\":\"Bundesverband Deutscher Versicherungsmakler e.V.\",\"publisher\":{\"@id\":\"https:\\\/\\\/bdvm.de\\\/#organization\"},\"potentialAction\":[{\"@type\":\"SearchAction\",\"target\":{\"@type\":\"EntryPoint\",\"urlTemplate\":\"https:\\\/\\\/bdvm.de\\\/?s={search_term_string}\"},\"query-input\":{\"@type\":\"PropertyValueSpecification\",\"valueRequired\":true,\"valueName\":\"search_term_string\"}}],\"inLanguage\":\"en-US\"},{\"@type\":\"Organization\",\"@id\":\"https:\\\/\\\/bdvm.de\\\/#organization\",\"name\":\"Bundesverband Deutscher Versicherungsmakler e.V.\",\"url\":\"https:\\\/\\\/bdvm.de\\\/\",\"logo\":{\"@type\":\"ImageObject\",\"inLanguage\":\"en-US\",\"@id\":\"https:\\\/\\\/bdvm.de\\\/#\\\/schema\\\/logo\\\/image\\\/\",\"url\":\"https:\\\/\\\/bdvm.de\\\/wp-content\\\/uploads\\\/2019\\\/04\\\/bdvm_logo_kreis.jpg\",\"contentUrl\":\"https:\\\/\\\/bdvm.de\\\/wp-content\\\/uploads\\\/2019\\\/04\\\/bdvm_logo_kreis.jpg\",\"width\":821,\"height\":821,\"caption\":\"Bundesverband Deutscher Versicherungsmakler e.V.\"},\"image\":{\"@id\":\"https:\\\/\\\/bdvm.de\\\/#\\\/schema\\\/logo\\\/image\\\/\"}},{\"@type\":\"Person\",\"@id\":\"https:\\\/\\\/bdvm.de\\\/#\\\/schema\\\/person\\\/51e10fd1ef935823c48227f7738fbeb4\",\"name\":\"BDVM-Webadmin\",\"image\":{\"@type\":\"ImageObject\",\"inLanguage\":\"en-US\",\"@id\":\"https:\\\/\\\/secure.gravatar.com\\\/avatar\\\/247145664f0e78c974a299958c6b570427f9045dbee82be3901f6be0a95c5d12?s=96&d=mm&r=g\",\"url\":\"https:\\\/\\\/secure.gravatar.com\\\/avatar\\\/247145664f0e78c974a299958c6b570427f9045dbee82be3901f6be0a95c5d12?s=96&d=mm&r=g\",\"contentUrl\":\"https:\\\/\\\/secure.gravatar.com\\\/avatar\\\/247145664f0e78c974a299958c6b570427f9045dbee82be3901f6be0a95c5d12?s=96&d=mm&r=g\",\"caption\":\"BDVM-Webadmin\"}}]}<\/script>\n<!-- \/ Yoast SEO plugin. -->","yoast_head_json":{"title":"EU DATENSCHUTZ GRUNDVERORDNUNG L\u00c4SST ARBEITS- ABL\u00c4UFE BEI VERSICHERUNGSMAKLERN UNBER\u00dcCKSICHTIGT | BDVM e.V.","robots":{"index":"index","follow":"follow","max-snippet":"max-snippet:-1","max-image-preview":"max-image-preview:large","max-video-preview":"max-video-preview:-1"},"canonical":"https:\/\/bdvm.de\/en\/eu-datenschutz-grundverordnung-laesst-arbeits-ablaeufe-bei-versicherungsmaklern-unberuecksichtigt\/","og_locale":"en_US","og_type":"article","og_title":"EU DATENSCHUTZ GRUNDVERORDNUNG L\u00c4SST ARBEITS- ABL\u00c4UFE BEI VERSICHERUNGSMAKLERN UNBER\u00dcCKSICHTIGT | BDVM e.V.","og_description":"Die EU plant, ein europaweit einheitlich geltendes Datenschutzrecht einzuf\u00fchren. Daf\u00fcr hatten Anfang 2012 das Europ\u00e4ische Parlament und der Europarat einen gemeinsamen Gesetzesvorschlag als sogenannte Datenschutz-Grundverordnung vorgelegt. Der Ausschuss f\u00fcr b\u00fcrgerliche Freiheiten, Justiz und Inneres (LIBE) hat Anfang Januar 2013 einen Bericht mit \u00c4nderungsantr\u00e4gen herausgegeben. Neben unserer Dachorganisation BIPAR, mit der wir eng zusammenarbeiten und die...","og_url":"https:\/\/bdvm.de\/en\/eu-datenschutz-grundverordnung-laesst-arbeits-ablaeufe-bei-versicherungsmaklern-unberuecksichtigt\/","og_site_name":"BDVM e.V.","article_published_time":"2013-02-26T14:40:44+00:00","article_modified_time":"2019-01-24T14:41:53+00:00","og_image":[{"width":821,"height":821,"url":"https:\/\/bdvm.de\/wp-content\/uploads\/2019\/04\/bdvm_logo_kreis.jpg","type":"image\/jpeg"}],"author":"BDVM-Webadmin","twitter_card":"summary_large_image","twitter_misc":{"Written by":false,"Est. reading time":"1 minute"},"schema":{"@context":"https:\/\/schema.org","@graph":[{"@type":"Article","@id":"https:\/\/bdvm.de\/eu-datenschutz-grundverordnung-laesst-arbeits-ablaeufe-bei-versicherungsmaklern-unberuecksichtigt\/#article","isPartOf":{"@id":"https:\/\/bdvm.de\/eu-datenschutz-grundverordnung-laesst-arbeits-ablaeufe-bei-versicherungsmaklern-unberuecksichtigt\/"},"author":{"name":"BDVM-Webadmin","@id":"https:\/\/bdvm.de\/#\/schema\/person\/51e10fd1ef935823c48227f7738fbeb4"},"headline":"EU DATENSCHUTZ GRUNDVERORDNUNG L\u00c4SST ARBEITS- ABL\u00c4UFE BEI VERSICHERUNGSMAKLERN UNBER\u00dcCKSICHTIGT","datePublished":"2013-02-26T14:40:44+00:00","dateModified":"2019-01-24T14:41:53+00:00","mainEntityOfPage":{"@id":"https:\/\/bdvm.de\/eu-datenschutz-grundverordnung-laesst-arbeits-ablaeufe-bei-versicherungsmaklern-unberuecksichtigt\/"},"wordCount":187,"publisher":{"@id":"https:\/\/bdvm.de\/#organization"},"articleSection":["Unsere Standpunkte"],"inLanguage":"en-US"},{"@type":"WebPage","@id":"https:\/\/bdvm.de\/eu-datenschutz-grundverordnung-laesst-arbeits-ablaeufe-bei-versicherungsmaklern-unberuecksichtigt\/","url":"https:\/\/bdvm.de\/eu-datenschutz-grundverordnung-laesst-arbeits-ablaeufe-bei-versicherungsmaklern-unberuecksichtigt\/","name":"EU DATENSCHUTZ GRUNDVERORDNUNG L\u00c4SST ARBEITS- ABL\u00c4UFE BEI VERSICHERUNGSMAKLERN UNBER\u00dcCKSICHTIGT | BDVM e.V.","isPartOf":{"@id":"https:\/\/bdvm.de\/#website"},"datePublished":"2013-02-26T14:40:44+00:00","dateModified":"2019-01-24T14:41:53+00:00","breadcrumb":{"@id":"https:\/\/bdvm.de\/eu-datenschutz-grundverordnung-laesst-arbeits-ablaeufe-bei-versicherungsmaklern-unberuecksichtigt\/#breadcrumb"},"inLanguage":"en-US","potentialAction":[{"@type":"ReadAction","target":["https:\/\/bdvm.de\/eu-datenschutz-grundverordnung-laesst-arbeits-ablaeufe-bei-versicherungsmaklern-unberuecksichtigt\/"]}]},{"@type":"BreadcrumbList","@id":"https:\/\/bdvm.de\/eu-datenschutz-grundverordnung-laesst-arbeits-ablaeufe-bei-versicherungsmaklern-unberuecksichtigt\/#breadcrumb","itemListElement":[{"@type":"ListItem","position":1,"name":"Startseite","item":"https:\/\/bdvm.de\/"},{"@type":"ListItem","position":2,"name":"EU DATENSCHUTZ GRUNDVERORDNUNG L\u00c4SST ARBEITS- ABL\u00c4UFE BEI VERSICHERUNGSMAKLERN UNBER\u00dcCKSICHTIGT"}]},{"@type":"WebSite","@id":"https:\/\/bdvm.de\/#website","url":"https:\/\/bdvm.de\/","name":"BDVM e.V.","description":"Bundesverband Deutscher Versicherungsmakler e.V.","publisher":{"@id":"https:\/\/bdvm.de\/#organization"},"potentialAction":[{"@type":"SearchAction","target":{"@type":"EntryPoint","urlTemplate":"https:\/\/bdvm.de\/?s={search_term_string}"},"query-input":{"@type":"PropertyValueSpecification","valueRequired":true,"valueName":"search_term_string"}}],"inLanguage":"en-US"},{"@type":"Organization","@id":"https:\/\/bdvm.de\/#organization","name":"Bundesverband Deutscher Versicherungsmakler e.V.","url":"https:\/\/bdvm.de\/","logo":{"@type":"ImageObject","inLanguage":"en-US","@id":"https:\/\/bdvm.de\/#\/schema\/logo\/image\/","url":"https:\/\/bdvm.de\/wp-content\/uploads\/2019\/04\/bdvm_logo_kreis.jpg","contentUrl":"https:\/\/bdvm.de\/wp-content\/uploads\/2019\/04\/bdvm_logo_kreis.jpg","width":821,"height":821,"caption":"Bundesverband Deutscher Versicherungsmakler e.V."},"image":{"@id":"https:\/\/bdvm.de\/#\/schema\/logo\/image\/"}},{"@type":"Person","@id":"https:\/\/bdvm.de\/#\/schema\/person\/51e10fd1ef935823c48227f7738fbeb4","name":"BDVM-Webadmin","image":{"@type":"ImageObject","inLanguage":"en-US","@id":"https:\/\/secure.gravatar.com\/avatar\/247145664f0e78c974a299958c6b570427f9045dbee82be3901f6be0a95c5d12?s=96&d=mm&r=g","url":"https:\/\/secure.gravatar.com\/avatar\/247145664f0e78c974a299958c6b570427f9045dbee82be3901f6be0a95c5d12?s=96&d=mm&r=g","contentUrl":"https:\/\/secure.gravatar.com\/avatar\/247145664f0e78c974a299958c6b570427f9045dbee82be3901f6be0a95c5d12?s=96&d=mm&r=g","caption":"BDVM-Webadmin"}}]}},"_links":{"self":[{"href":"https:\/\/bdvm.de\/en\/wp-json\/wp\/v2\/posts\/7041","targetHints":{"allow":["GET"]}}],"collection":[{"href":"https:\/\/bdvm.de\/en\/wp-json\/wp\/v2\/posts"}],"about":[{"href":"https:\/\/bdvm.de\/en\/wp-json\/wp\/v2\/types\/post"}],"author":[{"embeddable":true,"href":"https:\/\/bdvm.de\/en\/wp-json\/wp\/v2\/users\/6"}],"replies":[{"embeddable":true,"href":"https:\/\/bdvm.de\/en\/wp-json\/wp\/v2\/comments?post=7041"}],"version-history":[{"count":1,"href":"https:\/\/bdvm.de\/en\/wp-json\/wp\/v2\/posts\/7041\/revisions"}],"predecessor-version":[{"id":7045,"href":"https:\/\/bdvm.de\/en\/wp-json\/wp\/v2\/posts\/7041\/revisions\/7045"}],"wp:attachment":[{"href":"https:\/\/bdvm.de\/en\/wp-json\/wp\/v2\/media?parent=7041"}],"wp:term":[{"taxonomy":"category","embeddable":true,"href":"https:\/\/bdvm.de\/en\/wp-json\/wp\/v2\/categories?post=7041"},{"taxonomy":"post_tag","embeddable":true,"href":"https:\/\/bdvm.de\/en\/wp-json\/wp\/v2\/tags?post=7041"}],"curies":[{"name":"wp","href":"https:\/\/api.w.org\/{rel}","templated":true}]}}